{"id":1576,"date":"2025-12-04T21:07:02","date_gmt":"2025-12-04T21:07:02","guid":{"rendered":"https:\/\/erftkanu.de\/?p=1576"},"modified":"2025-12-11T22:17:37","modified_gmt":"2025-12-11T22:17:37","slug":"kanuten-bringen-die-erft-zum-leuchten-zum-5-mal-lichter-paddeln-erfreut-wieder-jungund-alt","status":"publish","type":"post","link":"https:\/\/erftkanu.de\/?p=1576","title":{"rendered":"Kanuten bringen die Erft zum Leuchten Zum 5. Mal: Lichter-Paddeln erfreut wieder Jung und Alt"},"content":{"rendered":"<div class=\"wp-block-image\">\n<figure class=\"aligncenter size-full\"><img loading=\"lazy\" decoding=\"async\" width=\"500\" height=\"533\" src=\"https:\/\/erftkanu.de\/wp-content\/uploads\/2025\/12\/20251129_170442_ii.jpg\" alt=\"\" class=\"wp-image-1579\" srcset=\"https:\/\/erftkanu.de\/wp-content\/uploads\/2025\/12\/20251129_170442_ii.jpg 500w, https:\/\/erftkanu.de\/wp-content\/uploads\/2025\/12\/20251129_170442_ii-281x300.jpg 281w\" sizes=\"auto, (max-width: 500px) 100vw, 500px\" \/><figcaption class=\"wp-element-caption\">Lichter-Paddeln: Grevenbroicher Kanuten bringen erneut die Erft zum Leuchten. Foto: Verein\/Ruth Wiedner-Runo<\/figcaption><\/figure>\n<\/div>\n\n\n<p>(-wi) Nikolaus-Biker und Weihnachts-Traktoren sind aktuell im Rhein-Kreis wieder unterwegs. Aber auch die Kanuten sorgten erneut f\u00fcr weihnachtliche Stimmung an und auf der Erft. Spazierg\u00e4nger im Bend freuten sich \u00fcber die vielen funkelnden Lichter in der D\u00e4mmerung und die Aktiven um KCG-Gesch\u00e4ftsf\u00fchrer Jens Reibiger steuerten ihre leuchtenden und blinkenden Weihnachtsboote f\u00fcr gut eine Stunde \u00fcbers Wasser. Zuerst schl\u00e4ngelte sich der Lichter-Tross oberhalb der<br>Wildwasserstrecke in Richtung Schlossbad und Kampers M\u00fchle, anschlie\u00dfend nahmen die Wassersportler Kurs aufs Tiergehege und paddelten singend bis kurz vor die Neuenhausener Br\u00fccke.<\/p>\n\n\n<div class=\"wp-block-image\">\n<figure class=\"aligncenter size-full\"><img loading=\"lazy\" decoding=\"async\" width=\"450\" height=\"447\" src=\"https:\/\/erftkanu.de\/wp-content\/uploads\/2025\/12\/20251129_164732_ii.jpg\" alt=\"\" class=\"wp-image-1580\" srcset=\"https:\/\/erftkanu.de\/wp-content\/uploads\/2025\/12\/20251129_164732_ii.jpg 450w, https:\/\/erftkanu.de\/wp-content\/uploads\/2025\/12\/20251129_164732_ii-300x298.jpg 300w, https:\/\/erftkanu.de\/wp-content\/uploads\/2025\/12\/20251129_164732_ii-150x150.jpg 150w\" sizes=\"auto, (max-width: 450px) 100vw, 450px\" \/><figcaption class=\"wp-element-caption\">Weihnachtsm\u00e4nner unter sich (v.l.): Ralf Klougt und Jens Reibiger. Foto: Verein\/Ruth Wiedner-Runo<\/figcaption><\/figure>\n<\/div>\n\n\n<p>Schon am Nachmittag trafen sich die Erft-Kanuten am Bootshaus zum Schm\u00fccken ihrer Kajaks und Canadier. W\u00e4hrend KCG-Vorsitzender Karl-Peter Reinders, unterst\u00fctzt von Uschi Reibiger, den Reibekuchen-Stand aufbaute, t\u00fcftelten die Aktiven noch an der Optik ihrer Boote. Auch in diesem Jahr hatten alle f\u00fcr ausreichend Tannengr\u00fcn, Weihnachtskugeln, bunte Pakett\u00fcrme und Lichterketten gesorgt. F\u00fcr Philipp Lierenfeld war es die dritte Teilnahme. Routiniert befestigte der Jugendsprecher die Lichterkette auf seinem roten Kajak, komplettiert von einem singenden Weihnachtsmann, w\u00e4hrend sich Schwestern Julia f\u00fcr einen blinkenden Haarreif aus der Rudolph-Renntier-Serie entschieden hatte.<\/p>\n\n\n<div class=\"wp-block-image\">\n<figure class=\"aligncenter size-full\"><img loading=\"lazy\" decoding=\"async\" width=\"610\" height=\"572\" src=\"https:\/\/erftkanu.de\/wp-content\/uploads\/2025\/12\/20251129_163950_ii.jpg\" alt=\"\" class=\"wp-image-1581\" srcset=\"https:\/\/erftkanu.de\/wp-content\/uploads\/2025\/12\/20251129_163950_ii.jpg 610w, https:\/\/erftkanu.de\/wp-content\/uploads\/2025\/12\/20251129_163950_ii-300x281.jpg 300w\" sizes=\"auto, (max-width: 610px) 100vw, 610px\" \/><figcaption class=\"wp-element-caption\"><br>Die Weihnachtsfamilie Lierenfeld: Mama Sieglinde, Sohn Philipp, Papa Matthias und Tochter Julia. Foto: Verein\/Ruth Wiedner-Runo<\/figcaption><\/figure>\n<\/div>\n\n\n<p>Jens Reibiger, der sich eigens f\u00fcr die Lichterfahrt wieder in sein Weihnachtsmann-Kost\u00fcm geh\u00fcllt hatte, war auch paddel-technisch bestens ausger\u00fcstet. Als er mit seinem Holz-Paddel den Zehner-Canadier vom Ufer absto\u00dfen wollte, gab\u2019s ein lautes Knacken, und sein Paddel zerbrach in zwei Teile. \u201eKeine Sorge, es geht gleich weiter\u201c, rief er in die Runde, und hielt ein Ersatzpaddel in die H\u00f6he. Ganz entspannt nahm es auch Timo Klomfass. Der 27 Jahre alte Kajakfahrer machte in der D\u00e4mmerung in H\u00f6he der Autobahnbr\u00fccke Bekanntschaft mit herunterh\u00e4ngenden \u00c4sten und kenterte. Das unfreiwillige Bad in der Erft kommentierte er sp\u00e4ter mit einem Lachen: \u201eDer Baum war eben st\u00e4rker als ich.<\/p>\n\n\n<div class=\"wp-block-image\">\n<figure class=\"aligncenter size-full\"><img loading=\"lazy\" decoding=\"async\" width=\"352\" height=\"440\" src=\"https:\/\/erftkanu.de\/wp-content\/uploads\/2025\/12\/20251129_181132_ii.jpg\" alt=\"\" class=\"wp-image-1582\" srcset=\"https:\/\/erftkanu.de\/wp-content\/uploads\/2025\/12\/20251129_181132_ii.jpg 352w, https:\/\/erftkanu.de\/wp-content\/uploads\/2025\/12\/20251129_181132_ii-240x300.jpg 240w\" sizes=\"auto, (max-width: 352px) 100vw, 352px\" \/><figcaption class=\"wp-element-caption\">Sie sorgten f\u00fcr warme Getr\u00e4nke und f\u00fcr Reibekuchen: KCG-Vorsitzender Karl-Peter Reinders und Uschi Reibiger. Foto: Verein\/Ruth Wiedner-Runo<\/figcaption><\/figure>\n<\/div>\n\n\n<p>Wolfgang \u201eKnubbel\u201c Siegmund staunte beim Erft-Spektakel nicht schlecht. Der Pension\u00e4r aus Burscheid geh\u00f6rte Mitte der 1970iger Jahre zum Leistungsteam des Grevenbroicher Kanu-Clubs. Er war beim Lichter-Paddeln nach mehr als 40 Jahren erstmals wieder am Bootshaus anzutreffen. Mit alten Fotos und Zeitungsausschnitten erinnerte Siegmund an eine erfolgreiche Wettkampfzeit. <\/p>\n\n\n<div class=\"wp-block-image\">\n<figure class=\"aligncenter size-full\"><img loading=\"lazy\" decoding=\"async\" width=\"288\" height=\"516\" src=\"https:\/\/erftkanu.de\/wp-content\/uploads\/2025\/12\/20251129_180900_ii.jpg\" alt=\"\" class=\"wp-image-1583\" srcset=\"https:\/\/erftkanu.de\/wp-content\/uploads\/2025\/12\/20251129_180900_ii.jpg 288w, https:\/\/erftkanu.de\/wp-content\/uploads\/2025\/12\/20251129_180900_ii-167x300.jpg 167w\" sizes=\"auto, (max-width: 288px) 100vw, 288px\" \/><figcaption class=\"wp-element-caption\">Abendstimmung am Bootshaus. Foto: Verein\/Ruth Wiedner-Runo<br><\/figcaption><\/figure>\n<\/div>\n\n\n<p>Die Lichterfahrt fand erstmals 2021 statt und l\u00f6ste damit pandemiebedingt die traditionelle Nikolausfeier im Bootshaus ab.<br><br><br><\/p>\n","protected":false},"excerpt":{"rendered":"<p>(-wi) Nikolaus-Biker und Weihnachts-Traktoren sind aktuell im Rhein-Kreis wieder unterwegs. Aber auch die Kanuten sorgten erneut f\u00fcr weihnachtliche Stimmung an und auf der Erft. Spazierg\u00e4nger im Bend freuten sich \u00fcber &hellip; <a href=\"https:\/\/erftkanu.de\/?p=1576\" class=\"more-link\"><span class=\"screen-reader-text\">Kanuten bringen die Erft zum Leuchten Zum 5. Mal: Lichter-Paddeln erfreut wieder Jung und Alt<\/span> weiterlesen<\/a><\/p>\n","protected":false},"author":1,"featured_media":0,"comment_status":"closed","ping_status":"closed","sticky":false,"template":"","format":"standard","meta":{"footnotes":""},"categories":[1],"tags":[],"class_list":["post-1576","post","type-post","status-publish","format-standard","hentry","category-uncategorized"],"_links":{"self":[{"href":"https:\/\/erftkanu.de\/index.php?rest_route=\/wp\/v2\/posts\/1576","targetHints":{"allow":["GET"]}}],"collection":[{"href":"https:\/\/erftkanu.de\/index.php?rest_route=\/wp\/v2\/posts"}],"about":[{"href":"https:\/\/erftkanu.de\/index.php?rest_route=\/wp\/v2\/types\/post"}],"author":[{"embeddable":true,"href":"https:\/\/erftkanu.de\/index.php?rest_route=\/wp\/v2\/users\/1"}],"replies":[{"embeddable":true,"href":"https:\/\/erftkanu.de\/index.php?rest_route=%2Fwp%2Fv2%2Fcomments&post=1576"}],"version-history":[{"count":3,"href":"https:\/\/erftkanu.de\/index.php?rest_route=\/wp\/v2\/posts\/1576\/revisions"}],"predecessor-version":[{"id":1589,"href":"https:\/\/erftkanu.de\/index.php?rest_route=\/wp\/v2\/posts\/1576\/revisions\/1589"}],"wp:attachment":[{"href":"https:\/\/erftkanu.de\/index.php?rest_route=%2Fwp%2Fv2%2Fmedia&parent=1576"}],"wp:term":[{"taxonomy":"category","embeddable":true,"href":"https:\/\/erftkanu.de\/index.php?rest_route=%2Fwp%2Fv2%2Fcategories&post=1576"},{"taxonomy":"post_tag","embeddable":true,"href":"https:\/\/erftkanu.de\/index.php?rest_route=%2Fwp%2Fv2%2Ftags&post=1576"}],"curies":[{"name":"wp","href":"https:\/\/api.w.org\/{rel}","templated":true}]}}