{"id":1473,"date":"2025-02-26T20:00:39","date_gmt":"2025-02-26T20:00:39","guid":{"rendered":"https:\/\/erftkanu.de\/?p=1473"},"modified":"2025-02-26T21:38:58","modified_gmt":"2025-02-26T21:38:58","slug":"arbeitswochenendeder-kcg-kanuten","status":"publish","type":"post","link":"https:\/\/erftkanu.de\/?p=1473","title":{"rendered":"Arbeitswochenende der KCG-Kanuten"},"content":{"rendered":"\n<p>Gr\u00fcnschnitt am Bootshaus und Wanderfahrt mit Cleanup-Mission<\/p>\n\n\n\n<p><br>(-wi) Im Vorgriff auf den Fr\u00fchjahrsputz der Stadt Grevenbroich (8. M\u00e4rz) hie\u00df es f\u00fcr die Grevenbroicher Kanuten bereits am Wochenende Arbeitseinsatz zu Wasser und zu Land. W\u00e4hrend sich am Samstag (22.2.) eine Gruppe um den KCG-Vorsitzenden Karl-Peter Reinders zum Gr\u00fcnschnitt am Bootshaus traf, stand der Sonntag (23.2.) ganz im Zeichen einer Wanderfahrt mit Aufr\u00e4um-Charakter &#8211; frei nach dem Motto \u201eHab Freizeitspa\u00df und tue Gutes\u201c.<\/p>\n\n\n<div class=\"wp-block-image\">\n<figure class=\"aligncenter size-full\"><img loading=\"lazy\" decoding=\"async\" width=\"504\" height=\"227\" src=\"https:\/\/erftkanu.de\/wp-content\/uploads\/2025\/02\/20250223_163941_ii-1.jpg\" alt=\"\" class=\"wp-image-1482\" srcset=\"https:\/\/erftkanu.de\/wp-content\/uploads\/2025\/02\/20250223_163941_ii-1.jpg 504w, https:\/\/erftkanu.de\/wp-content\/uploads\/2025\/02\/20250223_163941_ii-1-300x135.jpg 300w\" sizes=\"auto, (max-width: 504px) 100vw, 504px\" \/><\/figure>\n<\/div>\n\n\n<p>Mit Heckenscheren, Spaten und Asts\u00e4gen ausstaffiert, r\u00fcckten Karl-Peter Reinders, Reinhold Runo, Franz Gerards, Andrea Huhnstock und Ruth Wiedner-Runo den aus der Form geratenen Hecken und Str\u00e4uchern an der Bootshaus-R\u00fcckfront zu Leibe. Fr\u00fchbl\u00fcher wurden von vertrocknetem Laub befreit und Zierpflanzen  freigeschnitten. Nach gut drei Stunden war der Anh\u00e4nger des KCG-Vorsitzenden mit<br>Gr\u00fcnschnitt hoch gef\u00fcllt, und die kleine Runde mit dem Geleisteten zufrieden.<\/p>\n\n\n<div class=\"wp-block-image\">\n<figure class=\"aligncenter size-full\"><img loading=\"lazy\" decoding=\"async\" width=\"1008\" height=\"454\" src=\"https:\/\/erftkanu.de\/wp-content\/uploads\/2025\/02\/20250222_130223_ii.jpg\" alt=\"\" class=\"wp-image-1476\" srcset=\"https:\/\/erftkanu.de\/wp-content\/uploads\/2025\/02\/20250222_130223_ii.jpg 1008w, https:\/\/erftkanu.de\/wp-content\/uploads\/2025\/02\/20250222_130223_ii-300x135.jpg 300w, https:\/\/erftkanu.de\/wp-content\/uploads\/2025\/02\/20250222_130223_ii-768x346.jpg 768w\" sizes=\"auto, (max-width: 1008px) 100vw, 1008px\" \/><figcaption class=\"wp-element-caption\">Geschafft: Nach drei Stunden Gartenarbeit konnten sich Franz Gerards, Karl-Peter Reinders, Andrea Huhnstock und Reinhold Runo (v.l.) zufrieden zur\u00fccklehnen. Foto: Verein\/Ruth Wiedner-Runo<\/figcaption><\/figure>\n<\/div>\n\n\n<p>Mehr als zufrieden waren auch Stefan Rolfes, Ralf Klougt, Jens Reibiger, Ronny Kurley und Stephan K\u00fcppers. Die Gruppe hatte sich zu einer Paddeltour mit \u201eCleanup-Mission\u201c verabredet. Ihr Ergebnis \u00fcbertraf alle Erwartungen, zw\u00f6lf prallgef\u00fcllt M\u00fclls\u00e4cke wurden auf der 12 Kilometer langen Paddeltour von Bedburg bis Grevenbroich gef\u00fcllt. Neben Plastik-und Glasflaschen, Hygieneartikeln, B\u00e4llen in jeder Gr\u00f6\u00dfe wanderten auch Farbdosen und Gaskartuschen in die S\u00e4cke. Ein Blumenkasten, ein Zaunelement und ein Motorradsitz z\u00e4hlten schon zu den eher ungew\u00f6hnlichen Fundst\u00fccken. Die zwei Canadier waren so beladen, dass sie kaum noch steuerbar waren. In Gustorf wurden dann die ersten acht M\u00fclls\u00e4cke in einen Pkw verfrachtet. Die \u00fcppige Teichplane und ein neues Herrenrad wurden von den Paddlern ebenfalls aus dem Wasser gefischt, allerdings am Erft-Ufer deponiert. Stefan Rolfes hat zu den Fundst\u00fccken mittlerweile den M\u00e4ngelmelder der Stadt informiert.<\/p>\n\n\n<div class=\"wp-block-image\">\n<figure class=\"aligncenter size-full\"><img loading=\"lazy\" decoding=\"async\" width=\"454\" height=\"775\" src=\"https:\/\/erftkanu.de\/wp-content\/uploads\/2025\/02\/20250223_154733_ii.jpg\" alt=\"\" class=\"wp-image-1480\" srcset=\"https:\/\/erftkanu.de\/wp-content\/uploads\/2025\/02\/20250223_154733_ii.jpg 454w, https:\/\/erftkanu.de\/wp-content\/uploads\/2025\/02\/20250223_154733_ii-176x300.jpg 176w\" sizes=\"auto, (max-width: 454px) 100vw, 454px\" \/><figcaption class=\"wp-element-caption\">Vollbeladen: Canadier wird zum M\u00fcll-Boot. Foto: Verein\/Ruth Wiedner-Runo<\/figcaption><\/figure>\n<\/div>\n\n\n<p>Initiator der M\u00fcll-Sammel-Touren auf der Erft ist Stefan Rolfes. Seit Fr\u00fchjahr 2022 ist er mit seinem Kajak einmal w\u00f6chentlich unterwegs. Seit mehr als einem Jahr wird er bei den Sammelaktionen regelm\u00e4\u00dfig vom Vereinskollegen Ralf Klougt unterst\u00fctzt. Die Strecke dieses Mal auszudehnen, war auch Rolfes Idee: \u201eIn den rekultivierten Abschnitten der Erft hat das Hochwasser einiges an M\u00fcll angeschwemmt, den galt es herauszufischen.\u201c F\u00fcr ihn steht jetzt schon fest: \u201eEine Wiederholung wird es geben. Vielleicht schaffen wir sogar zwei gro\u00dfe Sammelaktionen, eine im Fr\u00fchjahr und eine im Herbst.\u201c<\/p>\n\n\n<div class=\"wp-block-image\">\n<figure class=\"aligncenter size-full\"><img loading=\"lazy\" decoding=\"async\" width=\"565\" height=\"346\" src=\"https:\/\/erftkanu.de\/wp-content\/uploads\/2025\/02\/20250223_154706_ii.jpg\" alt=\"\" class=\"wp-image-1481\" srcset=\"https:\/\/erftkanu.de\/wp-content\/uploads\/2025\/02\/20250223_154706_ii.jpg 565w, https:\/\/erftkanu.de\/wp-content\/uploads\/2025\/02\/20250223_154706_ii-300x184.jpg 300w\" sizes=\"auto, (max-width: 565px) 100vw, 565px\" \/><figcaption class=\"wp-element-caption\">Umladen in Gustorf: Da die Canadier kaum noch steuerbar waren, wurden acht prallgef\u00fcllte M\u00fclls\u00e4cke in ein Auto verfrachtet. Foto: Verein\/Ruth Wiedner-Runo<\/figcaption><\/figure>\n<\/div>\n\n\n<p><br>Der Termin f\u00fcr den n\u00e4chsten Arbeitseinsatz f\u00fcr die Kanuten steht auch schon fest: Wie jedes Jahr beteiligt sich der Kanu-Club Grevenbroich am traditionellen Fr\u00fchjahrsputz der Stadt. Und so treffen sich die engagierten Wassersportler am Samstag (8. M\u00e4rz), 10 Uhr, am Bootshaus, um dann erneut &#8211; mit Handschuhen und M\u00fclls\u00e4cken ausger\u00fcstet -, gedankenlos weggeworfene Verpackungen, Flaschen und<br>Dosen zwischen Schleuse und Flutgraben einzusammeln.<br><\/p>\n\n\n<div class=\"wp-block-image\">\n<figure class=\"aligncenter size-full\"><img loading=\"lazy\" decoding=\"async\" width=\"478\" height=\"350\" src=\"https:\/\/erftkanu.de\/wp-content\/uploads\/2025\/02\/20250223_162952_ii.jpg\" alt=\"\" class=\"wp-image-1478\" srcset=\"https:\/\/erftkanu.de\/wp-content\/uploads\/2025\/02\/20250223_162952_ii.jpg 478w, https:\/\/erftkanu.de\/wp-content\/uploads\/2025\/02\/20250223_162952_ii-300x220.jpg 300w\" sizes=\"auto, (max-width: 478px) 100vw, 478px\" \/><figcaption class=\"wp-element-caption\">Nach vier Stunden Ankunft am Kanaleingang (v.l.) : Ronny Kurley, Ralf Klougt, Jens Reibiger, Stefan Rolfes und Stephan K\u00fcppers. Foto: Verein\/ Ruth Wiedner-Runo<\/figcaption><\/figure>\n<\/div>\n\n\n<p><\/p>\n","protected":false},"excerpt":{"rendered":"<p>Gr\u00fcnschnitt am Bootshaus und Wanderfahrt mit Cleanup-Mission (-wi) Im Vorgriff auf den Fr\u00fchjahrsputz der Stadt Grevenbroich (8. M\u00e4rz) hie\u00df es f\u00fcr die Grevenbroicher Kanuten bereits am Wochenende Arbeitseinsatz zu Wasser &hellip; <a href=\"https:\/\/erftkanu.de\/?p=1473\" class=\"more-link\"><span class=\"screen-reader-text\">Arbeitswochenende der KCG-Kanuten<\/span> weiterlesen<\/a><\/p>\n","protected":false},"author":1,"featured_media":0,"comment_status":"closed","ping_status":"closed","sticky":false,"template":"","format":"standard","meta":{"footnotes":""},"categories":[1],"tags":[],"class_list":["post-1473","post","type-post","status-publish","format-standard","hentry","category-uncategorized"],"_links":{"self":[{"href":"https:\/\/erftkanu.de\/index.php?rest_route=\/wp\/v2\/posts\/1473","targetHints":{"allow":["GET"]}}],"collection":[{"href":"https:\/\/erftkanu.de\/index.php?rest_route=\/wp\/v2\/posts"}],"about":[{"href":"https:\/\/erftkanu.de\/index.php?rest_route=\/wp\/v2\/types\/post"}],"author":[{"embeddable":true,"href":"https:\/\/erftkanu.de\/index.php?rest_route=\/wp\/v2\/users\/1"}],"replies":[{"embeddable":true,"href":"https:\/\/erftkanu.de\/index.php?rest_route=%2Fwp%2Fv2%2Fcomments&post=1473"}],"version-history":[{"count":2,"href":"https:\/\/erftkanu.de\/index.php?rest_route=\/wp\/v2\/posts\/1473\/revisions"}],"predecessor-version":[{"id":1484,"href":"https:\/\/erftkanu.de\/index.php?rest_route=\/wp\/v2\/posts\/1473\/revisions\/1484"}],"wp:attachment":[{"href":"https:\/\/erftkanu.de\/index.php?rest_route=%2Fwp%2Fv2%2Fmedia&parent=1473"}],"wp:term":[{"taxonomy":"category","embeddable":true,"href":"https:\/\/erftkanu.de\/index.php?rest_route=%2Fwp%2Fv2%2Fcategories&post=1473"},{"taxonomy":"post_tag","embeddable":true,"href":"https:\/\/erftkanu.de\/index.php?rest_route=%2Fwp%2Fv2%2Ftags&post=1473"}],"curies":[{"name":"wp","href":"https:\/\/api.w.org\/{rel}","templated":true}]}}