{"id":1252,"date":"2024-03-27T20:51:35","date_gmt":"2024-03-27T20:51:35","guid":{"rendered":"https:\/\/erftkanu.de\/?p=1252"},"modified":"2024-03-27T20:54:41","modified_gmt":"2024-03-27T20:54:41","slug":"sechs-volle-muellsaecke-und-eine-zerfetzte-zeltplane","status":"publish","type":"post","link":"https:\/\/erftkanu.de\/?p=1252","title":{"rendered":"Sechs volle M\u00fclls\u00e4cke und eine zerfetzte Zeltplane"},"content":{"rendered":"\n<p>Kanu-Club beteiligt sich seit Jahren am Fr\u00fchjahrsputz der Stadt<\/p>\n\n\n<div class=\"wp-block-image\">\n<figure class=\"aligncenter size-full\"><img loading=\"lazy\" decoding=\"async\" width=\"484\" height=\"498\" src=\"https:\/\/erftkanu.de\/wp-content\/uploads\/2024\/03\/20240316_113648_ii.jpg\" alt=\"\" class=\"wp-image-1253\" srcset=\"https:\/\/erftkanu.de\/wp-content\/uploads\/2024\/03\/20240316_113648_ii.jpg 484w, https:\/\/erftkanu.de\/wp-content\/uploads\/2024\/03\/20240316_113648_ii-292x300.jpg 292w\" sizes=\"auto, (max-width: 484px) 100vw, 484px\" \/><figcaption class=\"wp-element-caption\">Gruppenfoto am Bootshaus: Seit Jahren beteiligt sich der Kanu-Club tatkr\u00e4ftig an der j\u00e4hrlichen Aufr\u00e4umaktion der Stadt. Foto: Verein\/ Ruth Wiedner-Runo<\/figcaption><\/figure>\n<\/div>\n\n\n<p>(wi) Sechs volle M\u00fclls\u00e4cke, ein Dutzend Bretter, ein Paar vergammelte Laufschuhe, einen versifften Trainingsanzug und eine zerfetzte Zeltplane &#8211; das ist die Ausbeute der Kanu-Sportler, die sich am Samstag (16. M\u00e4rz) einmal mehr am Fr\u00fchjahrsputz der Stadt Grevenbroich beteiligt haben. \u201eZun\u00e4chst sah es nach etwas weniger M\u00fcll aus, doch bei genauem Hinschauen, kam doch eine stattliche Menge zusammen\u201c, zog KCG-Vorsitzender Karl-Peter Reinders nach drei Stunden Sauber-Mach-Aktion Bilanz. Die elf Ehrenamtler waren ausgeschw\u00e4rmt und hatten dabei die Fl\u00e4chen vom Flutgraben bis hin zur Schleuse und rund um die Spielspinne fest im Blick. W\u00e4hrend in der Natur haupts\u00e4chlich gedankenlos weggeworfene Verpackungen wie Papierfetzen, Plastikt\u00fcten, zertretene Dosen den Weg in die M\u00fclls\u00e4cke der Kanu- Sportler wanderten, entpuppte sich der Randstreifen des Spielspinnen-Parkplatzes als eine \u201eFlaschen-W\u00fcste\u201c. Mehr als 50 leere Schnapsfl\u00e4schchen z\u00e4hlten die eifrigen M\u00fcll-Sammler. Mit Kopfsch\u00fctteln quittierten selbst Jakob Kuchinke (11) und Lennart B\u00f6hm (11) \u2013 die j\u00fcngsten Helfer im Kanu-Lager &#8211; diese Funde.<\/p>\n\n\n<div class=\"wp-block-image\">\n<figure class=\"aligncenter size-full\"><img loading=\"lazy\" decoding=\"async\" width=\"560\" height=\"454\" src=\"https:\/\/erftkanu.de\/wp-content\/uploads\/2024\/03\/20240316_111249_ii.jpg\" alt=\"\" class=\"wp-image-1254\" srcset=\"https:\/\/erftkanu.de\/wp-content\/uploads\/2024\/03\/20240316_111249_ii.jpg 560w, https:\/\/erftkanu.de\/wp-content\/uploads\/2024\/03\/20240316_111249_ii-300x243.jpg 300w\" sizes=\"auto, (max-width: 560px) 100vw, 560px\" \/><\/figure>\n<\/div>\n\n\n<p>Aber nicht nur beim Fr\u00fchjahrsputz der Stadt sind die Wassersportler in Sachen M\u00fcll aktiv. Mit Stefan Rolfes und Ralf Klougt hat der Kanu-Club Grevenbroich zwei Aktive in seinen Reihen, die ihre gemeinsamen Trainingstouren vom Bootshaus bis zur Gustorfer M\u00fchle mit dem guten Zweck verbinden. Sie fischen all das aus \u201eihrer Erft\u201c, was ihnen auf dieser Strecke als Unrat an der Wasseroberfl\u00e4che entgegentreibt. Und so geh\u00f6ren mindestens einmal pro Woche M\u00fcllbeutel und Greifzange zu ihrem Equipment wie Boot, Spritzdecke und Paddel.<\/p>\n\n\n<div class=\"wp-block-image\">\n<figure class=\"aligncenter size-full\"><img loading=\"lazy\" decoding=\"async\" width=\"454\" height=\"1008\" src=\"https:\/\/erftkanu.de\/wp-content\/uploads\/2024\/03\/20240316_112442_ii.jpg\" alt=\"\" class=\"wp-image-1255\" srcset=\"https:\/\/erftkanu.de\/wp-content\/uploads\/2024\/03\/20240316_112442_ii.jpg 454w, https:\/\/erftkanu.de\/wp-content\/uploads\/2024\/03\/20240316_112442_ii-135x300.jpg 135w\" sizes=\"auto, (max-width: 454px) 100vw, 454px\" \/><figcaption class=\"wp-element-caption\">Fundst\u00fccke: Vergammelte Laufschuhe und ein versiffter Trainingsanzug geh\u00f6ren ebenso wenig in die Natur wie Glasflaschen, Plastikm\u00fcll oder  Montageschaum. Fotos (2): Verein\/Ruth Wiedner-Runo<\/figcaption><\/figure>\n<\/div>\n\n\n<p><\/p>\n","protected":false},"excerpt":{"rendered":"<p>Kanu-Club beteiligt sich seit Jahren am Fr\u00fchjahrsputz der Stadt (wi) Sechs volle M\u00fclls\u00e4cke, ein Dutzend Bretter, ein Paar vergammelte Laufschuhe, einen versifften Trainingsanzug und eine zerfetzte Zeltplane &#8211; das ist &hellip; <a href=\"https:\/\/erftkanu.de\/?p=1252\" class=\"more-link\"><span class=\"screen-reader-text\">Sechs volle M\u00fclls\u00e4cke und eine zerfetzte Zeltplane<\/span> weiterlesen<\/a><\/p>\n","protected":false},"author":1,"featured_media":0,"comment_status":"closed","ping_status":"closed","sticky":false,"template":"","format":"standard","meta":{"footnotes":""},"categories":[1],"tags":[],"class_list":["post-1252","post","type-post","status-publish","format-standard","hentry","category-uncategorized"],"_links":{"self":[{"href":"https:\/\/erftkanu.de\/index.php?rest_route=\/wp\/v2\/posts\/1252","targetHints":{"allow":["GET"]}}],"collection":[{"href":"https:\/\/erftkanu.de\/index.php?rest_route=\/wp\/v2\/posts"}],"about":[{"href":"https:\/\/erftkanu.de\/index.php?rest_route=\/wp\/v2\/types\/post"}],"author":[{"embeddable":true,"href":"https:\/\/erftkanu.de\/index.php?rest_route=\/wp\/v2\/users\/1"}],"replies":[{"embeddable":true,"href":"https:\/\/erftkanu.de\/index.php?rest_route=%2Fwp%2Fv2%2Fcomments&post=1252"}],"version-history":[{"count":2,"href":"https:\/\/erftkanu.de\/index.php?rest_route=\/wp\/v2\/posts\/1252\/revisions"}],"predecessor-version":[{"id":1257,"href":"https:\/\/erftkanu.de\/index.php?rest_route=\/wp\/v2\/posts\/1252\/revisions\/1257"}],"wp:attachment":[{"href":"https:\/\/erftkanu.de\/index.php?rest_route=%2Fwp%2Fv2%2Fmedia&parent=1252"}],"wp:term":[{"taxonomy":"category","embeddable":true,"href":"https:\/\/erftkanu.de\/index.php?rest_route=%2Fwp%2Fv2%2Fcategories&post=1252"},{"taxonomy":"post_tag","embeddable":true,"href":"https:\/\/erftkanu.de\/index.php?rest_route=%2Fwp%2Fv2%2Ftags&post=1252"}],"curies":[{"name":"wp","href":"https:\/\/api.w.org\/{rel}","templated":true}]}}