{"id":1080,"date":"2023-12-02T23:03:45","date_gmt":"2023-12-02T23:03:45","guid":{"rendered":"https:\/\/erftkanu.de\/?p=1080"},"modified":"2023-12-02T23:03:45","modified_gmt":"2023-12-02T23:03:45","slug":"weihnachts-paddeln-statt-nikolausfeier","status":"publish","type":"post","link":"https:\/\/erftkanu.de\/?p=1080","title":{"rendered":"Weihnachts-Paddeln statt Nikolausfeier"},"content":{"rendered":"\n<p>(-wi) Weihnachtlich wird es auch in diesem Jahr wieder auf der Erft. Mit geschm\u00fcckten Booten wollen die Grevenbroicher Kanuten am kommenden Samstag (9. Dezember) bei Einbruch der Dunkelheit das Jahr 2023 ausklingen lassen. Um 15 Uhr treffen sich die Aktiven des Kanu-Clubs am Bootshaus, um ihre Kajaks und Canadier festlich mit Lichterketten, Weihnachtskugeln und Tannengr\u00fcn zu schm\u00fccken. Gegen 17 Uhr starten die Wassersportler in beleuchteten Kanus vom Erft-Arm oberhalb der Wildwasserstrecke in Richtung Schwimmbad und Kampers M\u00fchle. Sp\u00e4ter nehmen sie Kurs in Richtung Wildgehege und Neuenhausener Br\u00fccke. Anschlie\u00dfend bleibt dann noch ausreichend Zeit, um sich am Lagerfeuer zu w\u00e4rmen. F\u00fcr Bratw\u00fcrstchen, Gl\u00fchwein und Kinderpunsch ist gesorgt.<\/p>\n\n\n\n<p>Die Lichterfahrt fand erstmals 2021 statt und l\u00f6ste damit pandemiebedingt die traditionelle Nikolausfeier im Bootshaus ab.<\/p>\n","protected":false},"excerpt":{"rendered":"<p>(-wi) Weihnachtlich wird es auch in diesem Jahr wieder auf der Erft. Mit geschm\u00fcckten Booten wollen die Grevenbroicher Kanuten am kommenden Samstag (9. Dezember) bei Einbruch der Dunkelheit das Jahr &hellip; <a href=\"https:\/\/erftkanu.de\/?p=1080\" class=\"more-link\"><span class=\"screen-reader-text\">Weihnachts-Paddeln statt Nikolausfeier<\/span> weiterlesen<\/a><\/p>\n","protected":false},"author":1,"featured_media":0,"comment_status":"closed","ping_status":"closed","sticky":false,"template":"","format":"standard","meta":{"footnotes":""},"categories":[1],"tags":[],"class_list":["post-1080","post","type-post","status-publish","format-standard","hentry","category-uncategorized"],"_links":{"self":[{"href":"https:\/\/erftkanu.de\/index.php?rest_route=\/wp\/v2\/posts\/1080","targetHints":{"allow":["GET"]}}],"collection":[{"href":"https:\/\/erftkanu.de\/index.php?rest_route=\/wp\/v2\/posts"}],"about":[{"href":"https:\/\/erftkanu.de\/index.php?rest_route=\/wp\/v2\/types\/post"}],"author":[{"embeddable":true,"href":"https:\/\/erftkanu.de\/index.php?rest_route=\/wp\/v2\/users\/1"}],"replies":[{"embeddable":true,"href":"https:\/\/erftkanu.de\/index.php?rest_route=%2Fwp%2Fv2%2Fcomments&post=1080"}],"version-history":[{"count":1,"href":"https:\/\/erftkanu.de\/index.php?rest_route=\/wp\/v2\/posts\/1080\/revisions"}],"predecessor-version":[{"id":1081,"href":"https:\/\/erftkanu.de\/index.php?rest_route=\/wp\/v2\/posts\/1080\/revisions\/1081"}],"wp:attachment":[{"href":"https:\/\/erftkanu.de\/index.php?rest_route=%2Fwp%2Fv2%2Fmedia&parent=1080"}],"wp:term":[{"taxonomy":"category","embeddable":true,"href":"https:\/\/erftkanu.de\/index.php?rest_route=%2Fwp%2Fv2%2Fcategories&post=1080"},{"taxonomy":"post_tag","embeddable":true,"href":"https:\/\/erftkanu.de\/index.php?rest_route=%2Fwp%2Fv2%2Ftags&post=1080"}],"curies":[{"name":"wp","href":"https:\/\/api.w.org\/{rel}","templated":true}]}}